[{"@context":"https:\/\/schema.org\/","@type":"Article","@id":"https:\/\/www.tankpower.cz\/otec-a-ja\/#Article","mainEntityOfPage":"https:\/\/www.tankpower.cz\/otec-a-ja\/","headline":"Otec a j\u00e1","name":"Otec a j\u00e1","description":"U\u017e jste byli n\u011bkdy opravdu hodn\u011b zamilovan\u00e9 mil\u00e9 d\u00e1my? J\u00e1 ano. Pr\u00e1v\u011b jsem dvakr\u00e1t opravdu hodn\u011b zamilovan\u00e1 a pov\u00edm v\u00e1m, \u017ee to opravdu hodn\u011b bolestiv\u00e9. Kdy\u017e se s v\u00e1mi potom v\u00e1\u0161 milovan\u00fd rozejde. A to hlavn\u011b, kdy\u017e je\u0161t\u011b vy jste po\u0159\u00e1dn\u011b do n\u011bj zamilovan\u00e9. J\u00e1 v\u00edm, \u017ee ka\u017ed\u00fd \u010dlov\u011bk, kdy\u017e se zamiluje a m\u00e1 vztah, [&hellip;]","datePublished":"2024-01-26","dateModified":"2024-01-26","author":{"@type":"Person","@id":"https:\/\/www.tankpower.cz\/author\/#Person","name":"","url":"https:\/\/www.tankpower.cz\/author\/","identifier":1,"image":{"@type":"ImageObject","@id":"https:\/\/secure.gravatar.com\/avatar\/4c8347e48acde4b8838164e4b1c9b1c2409c44aff1922a8b9d7dd631b9ae52bb?s=96&d=mm&r=g","url":"https:\/\/secure.gravatar.com\/avatar\/4c8347e48acde4b8838164e4b1c9b1c2409c44aff1922a8b9d7dd631b9ae52bb?s=96&d=mm&r=g","height":96,"width":96}},"publisher":{"@type":"Organization","name":"tankpower.cz","logo":{"@type":"ImageObject","@id":"\/logo.png","url":"\/logo.png","width":600,"height":60}},"image":{"@type":"ImageObject","@id":"https:\/\/www.tankpower.cz\/wp-content\/uploads\/son-3427004_1280.jpg","url":"https:\/\/www.tankpower.cz\/wp-content\/uploads\/son-3427004_1280.jpg","height":0,"width":0},"url":"https:\/\/www.tankpower.cz\/otec-a-ja\/","about":["Mu\u017ei"],"wordCount":409,"articleBody":"U\u017e jste byli n\u011bkdy opravdu hodn\u011b zamilovan\u00e9 mil\u00e9 d\u00e1my? J\u00e1 ano. Pr\u00e1v\u011b jsem dvakr\u00e1t opravdu hodn\u011b zamilovan\u00e1 a pov\u00edm v\u00e1m, \u017ee to opravdu hodn\u011b bolestiv\u00e9. Kdy\u017e se s v\u00e1mi potom v\u00e1\u0161 milovan\u00fd rozejde. A to hlavn\u011b, kdy\u017e je\u0161t\u011b vy jste po\u0159\u00e1dn\u011b do n\u011bj zamilovan\u00e9. J\u00e1 v\u00edm, \u017ee ka\u017ed\u00fd \u010dlov\u011bk, kdy\u017e se zamiluje a m\u00e1 vztah, tak tak\u00e9 mus\u00ed po\u010d\u00edtat se v\u0161\u00edm. I\u00a0s t\u00edm, \u017ee se s n\u00edm partner nebo partnerka rozejde. A kdy\u017e jsem chodila s mu\u017eem, kter\u00e9ho jsem opravdu hodn\u011b milovala a potom se se mnou roze\u0161el, tak jsem asi dva\u00a0nebo t\u0159i\u00a0m\u011bs\u00edce v\u016fbec nev\u011bd\u011bla, co se to se mnou d\u011bje. Byla jsem opravdu na dn\u011b, nemohla jsem chodit ani do zam\u011bstn\u00e1n\u00ed, tak\u017ee jsem si v zam\u011bstn\u00e1n\u00ed musela vz\u00edt neplacen\u00e9 volno. Kde, kdo se mi divil, \u017ee se vyb\u00edr\u00e1m neplacen\u00e9 volno, jenom kv\u016fli tomu, abych se n\u011bjak probrala z rozchodu. Jenom\u017ee tohle nen\u00ed jenom tak, kdy\u017e je n\u011bkdo citliv\u00e9 povahy stejn\u011b jako j\u00e1, tak mu trv\u00e1 opravdu hodn\u011b dlouho, ne\u017e se odchyluje anebo ne\u017e za\u010dne myslet tak\u00e9 na n\u011bco jin\u00e9ho. Samoz\u0159ejm\u011b, \u017ee jsem se sna\u017eila, abych myslela st\u00e1le jenom na n\u011bco jin\u00e9ho, abych nemyslela st\u00e1le na sv\u00e9ho b\u00fdval\u00e9ho partnera, kter\u00fd m\u011b opravdu hodn\u011b zranil, jsou opravdu mu\u017ei. Takov\u00ed jsou p\u00e1nov\u00e9 v\u0161ichni stejn\u00ed.Samoz\u0159ejm\u011b, \u017ee nejsou v\u0161ichni p\u00e1nov\u00e9 stejn\u00ed. Ka\u017ed\u00fd mu\u017e je \u00fapln\u011b jin\u00fd, ale je logick\u00e9, \u017ee prvn\u00ed\u00a0t\u00fdden\u00a0jsem si myslela, \u017ee v\u0161ichni p\u00e1nov\u00e9 jsou opravdu stejn\u00ed. \u017de jsou v\u0161ichni stejn\u00ed a protivn\u00ed a jenom zrad\u00ed ka\u017edou \u017eenu. Proto\u017ee moj\u00ed mamince se stalo tohle tak\u00e9 moje maminka byla zamilovan\u00e1 do m\u00e9ho otce, ale n\u00e1\u0161 otec od n\u00e1s ode\u0161el, kdy\u017e mi byly pr\u00fd dva\u00a0roky. Tak\u017ee j\u00e1 si otce ani nepamatuji, proto\u017ee on si m\u011b ani nebral do spole\u010dn\u00e9 p\u00e9\u010de ani na v\u00edkendy, ani na pr\u00e1zdniny se m\u011b v\u016fbec nebral. M\u011b tohle nevadilo, proto\u017ee jako dvoulet\u00e1 hol\u010di\u010dka jsem v\u016fbec tohle netu\u0161ila, \u017ee vlastn\u011b tohle m\u016f\u017ee b\u00fdt, \u017ee n\u011bjak\u00fd otec v\u016fbec existuje. Nepamatuji si ho, ani matka mi nedala \u017e\u00e1dn\u00e9 fotky m\u00e9ho otce.\u00a0                                                                                                                                                                                                                                                                                                                                                                                                "},{"@context":"https:\/\/schema.org\/","@type":"BreadcrumbList","itemListElement":[{"@type":"ListItem","position":1,"name":"Otec a j\u00e1","item":"https:\/\/www.tankpower.cz\/otec-a-ja\/#breadcrumbitem"}]}]