[{"@context":"https:\/\/schema.org\/","@type":"Article","@id":"https:\/\/www.tankpower.cz\/maji-elektricka-auta-budoucnost\/#Article","mainEntityOfPage":"https:\/\/www.tankpower.cz\/maji-elektricka-auta-budoucnost\/","headline":"Maj\u00ed elektrick\u00e1 auta budoucnost?","name":"Maj\u00ed elektrick\u00e1 auta budoucnost?","description":"V\u00a0automobilov\u00e9m pr\u016fmyslu se v\u00a0posledn\u00ed dob\u011b d\u011bj\u00ed pom\u011brn\u011b velk\u00e9 zm\u011bny. Ty nejsou, na rozd\u00edl od valn\u00e9 v\u011bt\u0161iny, se kterou jsme se setkali, vyvol\u00e1ny po\u017eadavky ve\u0159ejnosti \u010di z\u00e1kony nab\u00eddky a popt\u00e1vky, n\u00fdbr\u017e po\u017eadavky vl\u00e1d a jejich nov\u00fdmi sm\u011brnicemi, kter\u00e9 maj\u00ed za c\u00edl alespo\u0148 trochu vy\u010distit na\u0161e \u017eivotn\u00ed prost\u0159ed\u00ed. \u0158e\u010d je o elektrick\u00fdch automobilech, kter\u00e9 jsou st\u00e1le v\u00edce [&hellip;]","datePublished":"2023-07-28","dateModified":"2024-06-04","author":{"@type":"Person","@id":"https:\/\/www.tankpower.cz\/author\/#Person","name":"","url":"https:\/\/www.tankpower.cz\/author\/","identifier":1,"image":{"@type":"ImageObject","@id":"https:\/\/secure.gravatar.com\/avatar\/4c8347e48acde4b8838164e4b1c9b1c2409c44aff1922a8b9d7dd631b9ae52bb?s=96&d=mm&r=g","url":"https:\/\/secure.gravatar.com\/avatar\/4c8347e48acde4b8838164e4b1c9b1c2409c44aff1922a8b9d7dd631b9ae52bb?s=96&d=mm&r=g","height":96,"width":96}},"publisher":{"@type":"Organization","name":"tankpower.cz","logo":{"@type":"ImageObject","@id":"\/logo.png","url":"\/logo.png","width":600,"height":60}},"image":{"@type":"ImageObject","@id":"https:\/\/www.tankpower.cz\/wp-content\/uploads\/auto2_10_10_10_10_10_10.jpg","url":"https:\/\/www.tankpower.cz\/wp-content\/uploads\/auto2_10_10_10_10_10_10.jpg","height":0,"width":0},"url":"https:\/\/www.tankpower.cz\/maji-elektricka-auta-budoucnost\/","about":["Auto moto"],"wordCount":433,"articleBody":"V\u00a0automobilov\u00e9m pr\u016fmyslu se v\u00a0posledn\u00ed dob\u011b d\u011bj\u00ed pom\u011brn\u011b velk\u00e9 zm\u011bny. Ty nejsou, na rozd\u00edl od valn\u00e9 v\u011bt\u0161iny, se kterou jsme se setkali, vyvol\u00e1ny po\u017eadavky ve\u0159ejnosti \u010di z\u00e1kony nab\u00eddky a popt\u00e1vky, n\u00fdbr\u017e po\u017eadavky vl\u00e1d a jejich nov\u00fdmi sm\u011brnicemi, kter\u00e9 maj\u00ed za c\u00edl alespo\u0148 trochu vy\u010distit na\u0161e \u017eivotn\u00ed prost\u0159ed\u00ed. \u0158e\u010d je o elektrick\u00fdch automobilech, kter\u00e9 jsou st\u00e1le v\u00edce prosazov\u00e1ny, a to do t\u00e9 m\u00edry, \u017ee brzy nebude mo\u017en\u00e9 vozidla se spalovac\u00edm motorem v\u016fbec vyr\u00e1b\u011bt, nebo\u0165 to bude nez\u00e1konn\u00e9.\u00a0\u00a0Samoz\u0159ejm\u011b to nen\u00ed poprv\u00e9, co vl\u00e1dy \u010di mezin\u00e1rodn\u00ed org\u00e1ny zasahuj\u00ed do konstrukc\u00ed aut. M\u016f\u017eeme zde zm\u00ednit nap\u0159\u00edklad povinn\u00fd bezpe\u010dnostn\u00ed p\u00e1s na v\u0161ech sedadlech \u010di po\u017eadavky na motory se st\u00e1le ni\u017e\u0161\u00edm obsahem emis\u00ed, p\u0159i\u010dem\u017e oboj\u00ed je striktn\u011b kontrolov\u00e1no (o tom, \u017ee emisn\u00ed limity jsou \u010dasto obch\u00e1zeny, je lep\u0161\u00ed rad\u011bji poml\u010det).\u00a0Je v\u0161ak pravdou, \u017ee doposud \u017e\u00e1dn\u00e9 z\u00a0t\u011bchto na\u0159\u00edzen\u00ed nevyvolalo takovou vlnu diskuse, jako elektrick\u00e9 automobily. Jedn\u00e1 se zde toti\u017e o n\u011bco zcela nov\u00e9ho, nezn\u00e1m\u00e9ho. Nen\u00ed tedy divu, \u017ee k\u00a0nim lid\u00e9 maj\u00ed p\u0159irozenou ned\u016fv\u011bru. K\u00a0tomu se nav\u00edc p\u0159id\u00e1vaj\u00ed i nejr\u016fzn\u011bj\u0161\u00ed \u010dl\u00e1nky a report\u00e1\u017ee o tom, jak jsou lithiov\u00e9 baterie nebezpe\u010dn\u00e9, pokud za\u010dnou ho\u0159et. O tom, \u017ee nevzplanou o nic \u010dast\u011bji ne\u017e u klasick\u00e9ho auta se spalovac\u00edm motorem, se ml\u010d\u00ed.\u00a0\u00a0Je tedy ot\u00e1zkou, zda maj\u00ed tyto pl\u00e1novan\u00e9 zm\u011bny a p\u0159echod na elektromobilitu v\u00a0sou\u010dasn\u00e9m klimatu v\u016fbec \u0161anci usp\u011bt. Valn\u00e1 \u010d\u00e1st populace, a to nejen u n\u00e1s, ale i ve sv\u011bt\u011b, je pom\u011brn\u011b konzervativn\u00ed, a trv\u00e1 j\u00ed dost dlouho, ne\u017e n\u011bjakou novinku p\u0159ijme. To plat\u00ed i v\u00a0tomto p\u0159\u00edpad\u011b, ov\u0161em zde vl\u00e1dy nenech\u00e1vaj\u00ed dostate\u010dn\u011b dlouh\u00e9 p\u0159echodn\u00e9 obdob\u00ed, kdy by si na tento typ vozidel lid\u00e9 mohli zvykat a konstrukt\u00e9\u0159i vyladit posledn\u00ed probl\u00e9my.\u00a0S\u00a0nejv\u011bt\u0161\u00ed pravd\u011bpodobnost\u00ed tedy tento pokus skon\u010d\u00ed fiaskem a nezdarem, nebo\u0165 \u017e\u00e1dn\u00fd politik se nepokus\u00ed tento z\u00e1kon implementovat, kdy\u017e je zna\u010dn\u00e1 \u010d\u00e1st spole\u010dnosti proti. A i kdyby to ud\u011blal, jakmile jej v\u00a0dal\u0161\u00edch volb\u00e1ch poraz\u00ed jeho politick\u00fd oponent, kter\u00fd toho vyu\u017eije, bude z\u00e1kon stejn\u011b velmi rychle zru\u0161en. Situace tedy v\u00a0tomto ohledu nevypad\u00e1 v\u016fbec dob\u0159e.                                                                                                                                                                                                                                                                                                                                                                                                "},{"@context":"https:\/\/schema.org\/","@type":"BreadcrumbList","itemListElement":[{"@type":"ListItem","position":1,"name":"Maj\u00ed elektrick\u00e1 auta budoucnost?","item":"https:\/\/www.tankpower.cz\/maji-elektricka-auta-budoucnost\/#breadcrumbitem"}]}]